[{"@context":"https:\/\/schema.org\/","@type":"Article","@id":"https:\/\/www.dsh-ds.cz\/pozvete-na-dovolenou-v-jesenikach-vase-pratele\/#Article","mainEntityOfPage":"https:\/\/www.dsh-ds.cz\/pozvete-na-dovolenou-v-jesenikach-vase-pratele\/","headline":"Pozv\u011bte na dovolenou v Jesen\u00edk\u00e1ch va\u0161e p\u0159\u00e1tele","name":"Pozv\u011bte na dovolenou v Jesen\u00edk\u00e1ch va\u0161e p\u0159\u00e1tele","description":"Udr\u017eujete p\u0159\u00e1telsk\u00fd vztah s va\u0161imi kamar\u00e1dy a cht\u011bli byste je p\u0159ekvapit n\u011b\u010d\u00edm v\u00fdjime\u010dn\u00fdm? Uspo\u0159\u00e1dejte pro n\u011b dovolenou v Jesen\u00edk\u00e1ch s b\u011b\u017en\u00fdm \u010di nadstandardn\u00edm vybaven\u00edm apartm\u00e1n\u016f v Mal\u00e9 Mor\u00e1vce. P\u0159ipad\u00e1 v\u00e1m, [&hellip;]","datePublished":"2023-02-23","dateModified":"2023-04-28","author":{"@type":"Person","@id":"https:\/\/www.dsh-ds.cz\/author\/#Person","name":"","url":"https:\/\/www.dsh-ds.cz\/author\/","identifier":1,"image":{"@type":"ImageObject","@id":"https:\/\/secure.gravatar.com\/avatar\/670235c08005d2f1b80a3d56a421809661de47ce0289bd1c93d0120f6ef211a4?s=96&d=mm&r=g","url":"https:\/\/secure.gravatar.com\/avatar\/670235c08005d2f1b80a3d56a421809661de47ce0289bd1c93d0120f6ef211a4?s=96&d=mm&r=g","height":96,"width":96}},"publisher":{"@type":"Organization","name":"dsh-ds.cz","logo":{"@type":"ImageObject","@id":"\/logo.png","url":"\/logo.png","width":600,"height":60}},"image":{"@type":"ImageObject","@id":"https:\/\/www.dsh-ds.cz\/wp-content\/uploads\/river-g0cde70971_640.jpg","url":"https:\/\/www.dsh-ds.cz\/wp-content\/uploads\/river-g0cde70971_640.jpg","height":0,"width":0},"url":"https:\/\/www.dsh-ds.cz\/pozvete-na-dovolenou-v-jesenikach-vase-pratele\/","about":["Business"],"wordCount":463,"articleBody":"         Udr\u017eujete p\u0159\u00e1telsk\u00fd vztah s va\u0161imi kamar\u00e1dy a cht\u011bli byste je p\u0159ekvapit n\u011b\u010d\u00edm v\u00fdjime\u010dn\u00fdm? Uspo\u0159\u00e1dejte pro n\u011b dovolenou v Jesen\u00edk\u00e1ch s b\u011b\u017en\u00fdm \u010di nadstandardn\u00edm vybaven\u00edm apartm\u00e1n\u016f v Mal\u00e9 Mor\u00e1vce. P\u0159ipad\u00e1 v\u00e1m, \u017ee zrovna tato destinace nen\u00ed ni\u010d\u00edm v\u00fdjime\u010dn\u00e1, a \u017ee by se sp\u00ed\u0161e pro tato \u00fa\u010dely hodil z\u00e1jezd k mo\u0159i? Pak na mo\u0159e klidn\u011b zapome\u0148te, proto\u017ee Jesen\u00edky \u2013 to je doslova balz\u00e1m na va\u0161e pocuchan\u00e9 nervy.U mo\u0159e byste potk\u00e1vali tis\u00edce n\u00e1v\u0161t\u011bvn\u00edk\u016f, kte\u0159\u00ed m\u011bli podobn\u00fd n\u00e1pad, jako vy, a pokud byste cht\u011bli pro\u017e\u00edt dovolenou na mo\u0159sk\u00e9 pl\u00e1\u017ei o samot\u011b, bez lid\u00ed, museli byste dlouho hledat opu\u0161t\u011bn\u00fd ostrov. V Jesen\u00edk\u00e1ch sice tak\u00e9 budete potk\u00e1vat turisty, ale v rozhodn\u011b men\u0161\u00edm po\u010dtu.Kde za\u010d\u00edtV Jesen\u00edk\u00e1ch je cel\u00e1 \u0159ada kr\u00e1sn\u00fdch z\u00e1kout\u00ed, ov\u0161em za\u010d\u00edt byte m\u011bli dominantou cel\u00e9 Moravy \u2013 vrcholem Prad\u011bd. Je zde vzty\u010den\u00fd vys\u00edla\u010d s rozhlednou a s restaurac\u00ed, kter\u00e1 je v provozu po cel\u00fd rok, a nemus\u00edte m\u00edt obavy, \u017ee byste dorazili, a byl by zav\u00edrac\u00ed den. Na Prad\u011bd se vyplat\u00ed vypravit za jasn\u00e9ho nebe a slune\u010dn\u00e9ho po\u010das\u00ed, kdy je z rozhledny mo\u017en\u00e9 dohl\u00e9dnout a\u017e do sta kilometr\u016f, a m\u00edt pod sebou rozs\u00e1hlou oblast Hrub\u00e9ho Jesen\u00edku je velmi opojn\u00fd a zvl\u00e1\u0161tn\u00ed pocit.Z Prad\u011bdu vede nau\u010dn\u00e1 stezka pod\u00e9l \u0159eky B\u00edl\u00e1 Opava, kter\u00e1 na jeho svaz\u00edch pramen\u00ed, doporu\u010dujeme zanechat v\u016fz na parkovi\u0161ti v Karlov\u011b Stud\u00e1nce a vydat se odtud p\u011b\u0161ky vzh\u016fru proti proudu \u0159eky malebn\u00fdm ka\u0148onem s mnoha zaj\u00edmav\u00fdmi p\u0159\u00edrodn\u00edmi \u00fatvary.Ra\u0161elini\u0161t\u011b Rejv\u00edz \u2013 Jesen\u00edky jsou pln\u00e9 zaj\u00edmav\u00fdch p\u0159ekvapen\u00ed. Jedn\u00edm z nich je i p\u0159ekr\u00e1sn\u00e1 krajina v oblasti mezi Vrbnem pod Prad\u011bdem a Zlat\u00fdmi Horami. Nenechte si uj\u00edt pr\u016fjezd mezi Horn\u00edm a Doln\u00edm \u00dadol\u00edm a\u017e k n\u00e1horn\u00ed plo\u0161in\u011b s ra\u0161elini\u0161t\u011bm Rejv\u00edz. N\u00e1rodn\u00ed p\u0159\u00edrodn\u00ed rezervace Rejv\u00edz se nach\u00e1z\u00ed na zaj\u00edmav\u00e9m m\u00edst\u011b, kde proud\u00ed energie a bude se v\u00e1m tu jist\u011b dob\u0159e odpo\u010d\u00edvat anebo t\u0159eba i ob\u011bdvat v m\u00edstn\u00ed restauraci. Z Rejv\u00edzu m\u016f\u017eete pokra\u010dovat do l\u00e1ze\u0148sk\u00e9ho m\u011bsta Jesen\u00edk a p\u0159es B\u011blou pod Prad\u011bdem dokon\u010dit okruh s n\u00e1vratem zp\u011bt do Vrbna a Karlovy Stud\u00e1nky.                                                                                                                                                                                                                                                                                                                                                                                                  "},{"@context":"https:\/\/schema.org\/","@type":"BreadcrumbList","itemListElement":[{"@type":"ListItem","position":1,"name":"Pozv\u011bte na dovolenou v Jesen\u00edk\u00e1ch va\u0161e p\u0159\u00e1tele","item":"https:\/\/www.dsh-ds.cz\/pozvete-na-dovolenou-v-jesenikach-vase-pratele\/#breadcrumbitem"}]}]