[{"@context":"https:\/\/schema.org\/","@type":"Article","@id":"https:\/\/www.dsh-ds.cz\/jezdite-autem-i-v-zime\/#Article","mainEntityOfPage":"https:\/\/www.dsh-ds.cz\/jezdite-autem-i-v-zime\/","headline":"Jezd\u00edte autem i v zim\u011b?","name":"Jezd\u00edte autem i v zim\u011b?","description":"Je tady za\u010d\u00e1tek podzimu a ka\u017ed\u00fd \u0159idi\u010d v\u00ed, co ho v dal\u0161\u00edm obdob\u00ed \u010dek\u00e1 a nemine. Rann\u00ed \u0161kr\u00e1b\u00e1n\u00ed n\u00e1mrazy na aut\u011b, j\u00edzdy v mlze a po namrzl\u00fdch cest\u00e1ch a ne\u010dekan\u00e9 [&hellip;]","datePublished":"2023-09-23","dateModified":"2023-10-26","author":{"@type":"Person","@id":"https:\/\/www.dsh-ds.cz\/author\/#Person","name":"","url":"https:\/\/www.dsh-ds.cz\/author\/","identifier":1,"image":{"@type":"ImageObject","@id":"https:\/\/secure.gravatar.com\/avatar\/670235c08005d2f1b80a3d56a421809661de47ce0289bd1c93d0120f6ef211a4?s=96&d=mm&r=g","url":"https:\/\/secure.gravatar.com\/avatar\/670235c08005d2f1b80a3d56a421809661de47ce0289bd1c93d0120f6ef211a4?s=96&d=mm&r=g","height":96,"width":96}},"publisher":{"@type":"Organization","name":"dsh-ds.cz","logo":{"@type":"ImageObject","@id":"\/logo.png","url":"\/logo.png","width":600,"height":60}},"image":{"@type":"ImageObject","@id":"https:\/\/www.dsh-ds.cz\/wp-content\/uploads\/pexels-darya-sannikova-2971064.jpg","url":"https:\/\/www.dsh-ds.cz\/wp-content\/uploads\/pexels-darya-sannikova-2971064.jpg","height":0,"width":0},"url":"https:\/\/www.dsh-ds.cz\/jezdite-autem-i-v-zime\/","about":["Produkty"],"wordCount":433,"articleBody":"   Je tady za\u010d\u00e1tek podzimu a ka\u017ed\u00fd \u0159idi\u010d v\u00ed, co ho v dal\u0161\u00edm obdob\u00ed \u010dek\u00e1 a nemine. Rann\u00ed \u0161kr\u00e1b\u00e1n\u00ed n\u00e1mrazy na aut\u011b, j\u00edzdy v mlze a po namrzl\u00fdch cest\u00e1ch a ne\u010dekan\u00e9 sn\u011b\u017een\u00ed \u010di pl\u00edskanice, nic, co by p\u0159isp\u00edvalo ke komfortu j\u00edzdy. \u0158ada \u0159idi\u010d\u016f p\u0159es zimu ani rad\u011bji nevyj\u00ed\u017ed\u00ed.Jen\u017ee, co kdy\u017e jste \u0159idi\u010d z povol\u00e1n\u00ed anebo je automobil jedinou mo\u017enost\u00ed, jak se r\u00e1no dostat do zam\u011bstn\u00e1n\u00ed? To se potom sna\u017e\u00edte m\u00edt auto v naprost\u00e9m po\u0159\u00e1dku a hlavn\u011b pou\u017e\u00edvat v\u0161echny povinn\u00e9 prvky zimn\u00ed v\u00fdbavy auta. A v\u0161ichni v\u00edme, co k n\u00ed nerozlu\u010dn\u011b pat\u0159\u00ed. Ano, je to zimn\u00ed obut\u00ed pro na\u0161eho \u010dty\u0159kolov\u00e9ho mil\u00e1\u010dka. M\u00edt zimn\u00ed pneumatiky ale ob\u010das nesta\u010d\u00ed. Ka\u017ed\u00fd ly\u017ea\u0159 v\u00e1m potvrd\u00ed, \u017ee k mnoha ly\u017ea\u0159sk\u00fdm st\u0159edisk\u016fm se ned\u00e1 vyjet bez sn\u011bhov\u00fdch \u0159et\u011bz\u016f a tak k b\u011b\u017en\u00e9 v\u00fdbav\u011b ly\u017ea\u0159\u016f pat\u0159\u00ed i sn\u011bhov\u00e9 \u0159et\u011bzy, kter\u00e9 voz\u00ed v kufru sv\u00e9ho auta. Ale v\u00edte \u017ee existuj\u00ed i traktorov\u00e9 sn\u011bhov\u00e9 \u0159et\u011bzy? I takov\u00fd obrovsk\u00fd a siln\u00fd stroj, kter\u00fd zvl\u00e1d\u00e1 rozbahn\u011bn\u00e9 pole, m\u016f\u017ee m\u00edt ve sn\u011bhu probl\u00e9my a tak i na tato obrovsk\u00e1 kola se vyr\u00e1b\u00ed sn\u011bhov\u00e9 \u0159et\u011bzy. V\u017edy\u0165 traktory pat\u0159\u00ed na mnoha vesnic\u00edch k t\u011bm stroj\u016fm, kter\u00e9 protahuj\u00ed zasn\u011b\u017een\u00e9 cesty a zpr\u016fjezd\u0148uj\u00ed je pro ostatn\u00ed pro ostatn\u00ed auta.Zimn\u00ed obdob\u00ed, co se t\u00fdk\u00e1 silnic, nem\u00e1 asi nikdo moc v oblib\u011b. V\u0161echno to klou\u017ee, r\u00e1no trv\u00e1 ne\u017e se d\u00e1 s autem vyjet, proto\u017ee v noci nasn\u011b\u017e\u00ed i 20cm sn\u011bhu nebo p\u0159imrzne rann\u00ed mlha. Cesty jsou posolen\u00e9, ale to zase ni\u010d\u00ed podvozek auta, zkr\u00e1tka zima je pro \u0159idi\u010de nep\u0159\u00edzniv\u00fdm obdob\u00edm, ale moc toho nezm\u016f\u017eeme, kdy\u017e \u017eijeme v tomto zem\u011bpisn\u00e9m p\u00e1su, kde se ro\u010dn\u00ed obdob\u00ed pravideln\u011b st\u0159\u00eddaj\u00ed. A p\u0159\u00e1t si aby zima byla m\u00edrn\u00e1 a bez sn\u011bhu, je proti p\u0159\u00edrodn\u00edm z\u00e1kon\u016fm, sta\u010d\u00ed jak\u00e9 v\u00fdkyvy u\u017e n\u00e1m p\u0159edv\u00e1d\u00ed glob\u00e1ln\u00ed oteplov\u00e1n\u00ed. \u0158\u00edd\u00edte auto i v zim\u011b a zvl\u00e1d\u00e1te v\u0161echny n\u00e1strahy zimn\u00edho po\u010das\u00ed? V\u00edte, jak se zachovat, kdy\u017e se auto dostane do smyku? Nebo rad\u011bji jezd\u00edte p\u0159es zimu autobusem? Oboje m\u00e1 sv\u00e9 v\u00fdhody i nev\u00fdhody.                                                                                                                                                                                                                                                                                                                                                                                                  "},{"@context":"https:\/\/schema.org\/","@type":"BreadcrumbList","itemListElement":[{"@type":"ListItem","position":1,"name":"Jezd\u00edte autem i v zim\u011b?","item":"https:\/\/www.dsh-ds.cz\/jezdite-autem-i-v-zime\/#breadcrumbitem"}]}]