[{"@context":"https:\/\/schema.org\/","@type":"Article","@id":"https:\/\/www.dsh-ds.cz\/jak-se-pocita-pro-nater-fasady-cena\/#Article","mainEntityOfPage":"https:\/\/www.dsh-ds.cz\/jak-se-pocita-pro-nater-fasady-cena\/","headline":"Jak se po\u010d\u00edt\u00e1 pro n\u00e1t\u011br fas\u00e1dy cena","name":"Jak se po\u010d\u00edt\u00e1 pro n\u00e1t\u011br fas\u00e1dy cena","description":"Kdo vlastn\u00ed jak\u00fdkoliv d\u016fm, v\u00ed, \u017ee udr\u017eet jej v dobr\u00e9m stavu uvnit\u0159 i zvenku nen\u00ed nic jednoduch\u00e9ho. V podstat\u011b jsou pot\u0159eba neust\u00e1l\u00e9 drobn\u00e9 opravy a \u00fapravy, aby v\u0161e z\u016fstalo tak, [&hellip;]","datePublished":"2023-03-20","dateModified":"2023-04-24","author":{"@type":"Person","@id":"https:\/\/www.dsh-ds.cz\/author\/#Person","name":"","url":"https:\/\/www.dsh-ds.cz\/author\/","identifier":1,"image":{"@type":"ImageObject","@id":"https:\/\/secure.gravatar.com\/avatar\/670235c08005d2f1b80a3d56a421809661de47ce0289bd1c93d0120f6ef211a4?s=96&d=mm&r=g","url":"https:\/\/secure.gravatar.com\/avatar\/670235c08005d2f1b80a3d56a421809661de47ce0289bd1c93d0120f6ef211a4?s=96&d=mm&r=g","height":96,"width":96}},"publisher":{"@type":"Organization","name":"dsh-ds.cz","logo":{"@type":"ImageObject","@id":"\/logo.png","url":"\/logo.png","width":600,"height":60}},"image":{"@type":"ImageObject","@id":"https:\/\/www.dsh-ds.cz\/wp-content\/uploads\/fasada3.jpg","url":"https:\/\/www.dsh-ds.cz\/wp-content\/uploads\/fasada3.jpg","height":0,"width":0},"url":"https:\/\/www.dsh-ds.cz\/jak-se-pocita-pro-nater-fasady-cena\/","about":["Business"],"wordCount":453,"articleBody":"  Kdo vlastn\u00ed jak\u00fdkoliv d\u016fm, v\u00ed, \u017ee udr\u017eet jej v dobr\u00e9m stavu uvnit\u0159 i zvenku nen\u00ed nic jednoduch\u00e9ho. V podstat\u011b jsou pot\u0159eba neust\u00e1l\u00e9 drobn\u00e9 opravy a \u00fapravy, aby v\u0161e z\u016fstalo tak, jak si to p\u0159ejeme. Mezi tyto \u00fakony pak pat\u0159\u00ed i nat\u00edr\u00e1n\u00ed fas\u00e1dy. Je jasn\u00e9, \u017ee barva na fas\u00e1d\u011b \u010dasem vybledne, p\u0159edev\u0161\u00edm d\u00edky p\u016fsoben\u00ed Slunce i de\u0161t\u011b. Pokud ji v\u0161ak chceme znovu nat\u0159\u00edt, m\u011bli bychom pou\u017e\u00edt speci\u00e1ln\u00ed barvu ur\u010denou na venkovn\u00ed n\u00e1t\u011bry, nebo\u0165 jen ta skute\u010dn\u011b odol\u00e1 rozmar\u016fm po\u010das\u00ed.  Ov\u0161em pr\u00e1ce samotn\u00e1 tak\u00e9 nen\u00ed jednoduch\u00e1. Rozhodn\u011b nejde o n\u011bco, co by bylo hned hotov\u00e9, nehled\u011b na fakt, \u017ee je pot\u0159eba sehnat tak\u00e9 nap\u0159\u00edklad le\u0161en\u00ed a dal\u0161\u00ed pom\u016fcky. Nen\u00ed tedy divu, \u017ee to mnohdy sv\u011b\u0159\u00edme profesion\u00e1l\u016fm, zvl\u00e1\u0161t\u011b pokud n\u00e1\u0161 d\u016fm nen\u00ed zrovna mal\u00e1 chaloupka. Zde n\u00e1s v\u0161ak obvykle zaj\u00edm\u00e1, jak\u00fd je za n\u00e1t\u011br fas\u00e1dy cena. Ta se toti\u017e m\u016f\u017ee zna\u010dn\u011b li\u0161it jak p\u0159\u00edpad od p\u0159\u00edpadu, tak i mezi jednotliv\u00fdmi firmami. Rozhodn\u011b je tedy dobr\u00e9 v\u011bd\u011bt, co v\u0161e je v n\u00ed zapo\u010d\u00edt\u00e1no. Tak m\u016f\u017eeme zjistit, zda zbyte\u010dn\u011b nep\u0159epl\u00e1c\u00edme \u010di neplat\u00edme podez\u0159ele m\u00e1lo, co\u017e obvykle b\u00fdv\u00e1 zn\u00e1mkou nekvalitn\u00ed pr\u00e1ce.  V prvn\u00ed \u0159ad\u011b jsou to samoz\u0159ejm\u011b pot\u0159ebn\u00e9 barvy a dal\u0161\u00ed materi\u00e1ly. Vzhledem k tomu, \u017ee se \u010dasto p\u0159ed nat\u00edr\u00e1n\u00edm prov\u00e1d\u00ed je\u0161t\u011b \u010di\u0161t\u011bn\u00ed, je jasn\u00e9, \u017ee se tato \u010d\u00e1stka m\u016f\u017ee vy\u0161plhat do pom\u011brn\u011b zna\u010dn\u00fdch v\u00fd\u0161in. To plat\u00ed, zvl\u00e1\u0161t\u011b pokud je pou\u017eita skute\u010dn\u011b kvalitn\u00ed barva, na \u010dem\u017e bychom m\u011bli trvat. Pak zde tak\u00e9 m\u00e1me pr\u00e1ci zam\u011bstnanc\u016f. Ti toti\u017e cht\u011bj\u00ed od sv\u00e9ho zam\u011bstnavatele pochopiteln\u011b plat. Ten je tedy ji\u017e zapo\u010d\u00edt\u00e1n v celkov\u00e9 cen\u011b, stejn\u011b jako nap\u0159\u00edklad dan\u011b, jako je t\u0159eba DPH. To n\u00e1m u\u0161et\u0159\u00ed spoustu starost\u00ed, nebo\u0165 je n\u00e1sledn\u011b nebudeme muset po\u010d\u00edtat a odv\u00e1d\u011bt zvl\u00e1\u0161\u0165. Je pot\u0159eba si tak\u00e9 uv\u011bdomit, \u017ee z\u00e1le\u017e\u00ed na n\u00e1ro\u010dnosti n\u00e1t\u011bru a velikosti domu. \u010c\u00edm je nat\u00edran\u00e1 plocha v\u011bt\u0161\u00ed, t\u00edm v\u00edce n\u00e1s to bude st\u00e1t. A podobn\u011b, pokud chceme m\u00edt na fas\u00e1d\u011b n\u011bjak\u00e9 r\u016fznobarevn\u00e9 obrazce, bude to dra\u017e\u0161\u00ed, ne\u017e kdybychom cel\u00fd d\u016fm ud\u011blali jednou barvou. Rozhodn\u011b se to v\u0161ak vyplat\u00ed, pokud chceme m\u00edt skute\u010dn\u011b p\u011bkn\u00fd v\u00fdsledek.                                                                                                                                                                                                                                                                                                                                                                                                 "},{"@context":"https:\/\/schema.org\/","@type":"BreadcrumbList","itemListElement":[{"@type":"ListItem","position":1,"name":"Jak se po\u010d\u00edt\u00e1 pro n\u00e1t\u011br fas\u00e1dy cena","item":"https:\/\/www.dsh-ds.cz\/jak-se-pocita-pro-nater-fasady-cena\/#breadcrumbitem"}]}]